{"id":8012,"date":"2022-03-27T00:01:00","date_gmt":"2022-03-27T04:01:00","guid":{"rendered":"https:\/\/wrmcouncil.org\/?p=8012"},"modified":"2022-03-29T16:53:14","modified_gmt":"2022-03-29T20:53:14","slug":"together-for-learning-summit-engaging-displaced-youth-to-transform-education","status":"publish","type":"post","link":"https:\/\/wrmcouncil.org\/fr\/event\/together-for-learning-summit-engaging-displaced-youth-to-transform-education\/","title":{"rendered":"Sommet d\u2019Ensemble pour l\u2019apprentissage : Favoriser la participation des jeunes d\u00e9plac\u00e9s pour transformer l\u2019\u00e9ducation"},"content":{"rendered":"<p>Les 30 et 31 mars 2022, le Canada accueillera le sommet d\u2019\u00a0<em>Sommet d\u2019Ensemble pour l\u2019apprentissage : Favoriser la participation des jeunes d\u00e9plac\u00e9s pour transformer l\u2019\u00e9ducation<\/em>. Le sommet, qui fait partie de la campagne\u00a0<a href=\"https:\/\/www.international.gc.ca\/campaign-campagne\/together-learning-ensemble-apprentissage\/index.aspx?lang=fra\">Ensemble pour l\u2019apprentissage<\/a>, constitue une occasion unique de conna\u00eetre les exp\u00e9riences en mati\u00e8re d\u2019\u00e9ducation des jeunes d\u00e9plac\u00e9s et de mobiliser ces derniers pour qu\u2019ils participent \u00e0 la r\u00e9solution des probl\u00e8mes et \u00e0 la prise de d\u00e9cisions. Le sommet vise \u00e0 \u00e9tablir un programme pour l\u2019avenir afin de faire en sorte que les enfants et les jeunes r\u00e9fugi\u00e9s, d\u00e9plac\u00e9s de force ou vivant dans des communaut\u00e9s d\u2019accueil puissent obtenir l\u2019\u00e9ducation de qualit\u00e9 et les possibilit\u00e9s d\u2019apprentissage dont ils ont besoin et qu\u2019ils m\u00e9ritent tout au long de leur vie. Le Conseil mondial pour les r\u00e9fugi\u00e9s et la migration a \u00e9t\u00e9 un partenaire important dans l'\u00e9laboration de ce sommet.<\/p>\n\n\n\n<div style=\"text-align:center\" class=\"wp-block-genesis-blocks-gb-button gb-block-button\"><a href=\"https:\/\/www.international.gc.ca\/campaign-campagne\/together-learning-ensemble-apprentissage\/summit-sommet.aspx?lang=fra\" class=\"gb-button gb-button-shape-rounded gb-button-size-medium\" style=\"color:#ffffff;background-color:#b30000\">PLUS D'INFORMATIONS \/ S'ENREGISTRER<\/a><\/div>\n\n\n\n<h2 class=\"wp-block-heading\">Parmi les orateurs :<\/h2>\n\n\n\n<div class=\"wp-block-columns is-layout-flex wp-container-core-columns-is-layout-9d6595d7 wp-block-columns-is-layout-flex\">\n<div class=\"wp-block-column is-layout-flow wp-block-column-is-layout-flow\" style=\"flex-basis:16.67%\">\n<figure class=\"wp-block-image size-thumbnail\"><img decoding=\"async\" width=\"150\" height=\"150\" src=\"https:\/\/wrmcouncil.org\/wp-content\/uploads\/2020\/07\/Lloyd-Axworthy-1-150x150.png\" alt=\"\" class=\"wp-image-3664\" srcset=\"https:\/\/wrmcouncil.org\/wp-content\/uploads\/2020\/07\/Lloyd-Axworthy-1-150x150.png 150w, https:\/\/wrmcouncil.org\/wp-content\/uploads\/2020\/07\/Lloyd-Axworthy-1-300x300.png 300w, https:\/\/wrmcouncil.org\/wp-content\/uploads\/2020\/07\/Lloyd-Axworthy-1-348x346.png 348w, https:\/\/wrmcouncil.org\/wp-content\/uploads\/2020\/07\/Lloyd-Axworthy-1-354x352.png 354w, https:\/\/wrmcouncil.org\/wp-content\/uploads\/2020\/07\/Lloyd-Axworthy-1-100x100.png 100w, https:\/\/wrmcouncil.org\/wp-content\/uploads\/2020\/07\/Lloyd-Axworthy-1.png 400w\" sizes=\"(max-width: 150px) 100vw, 150px\" \/><\/figure>\n<\/div>\n\n\n\n<div class=\"wp-block-column is-layout-flow wp-block-column-is-layout-flow\" style=\"flex-basis:50%\">\n<h4 class=\"wp-block-heading\">Lloyd Axworthy<\/h4>\n\n\n\n<p><a href=\"https:\/\/wrmcouncil.org\/fr\/people\/lloyd-axworthy-2\/\">WRMC Chair and former Canadian Minister of Foreign Affairs<\/a><\/p>\n<\/div>\n\n\n\n<div class=\"wp-block-column is-layout-flow wp-block-column-is-layout-flow\" style=\"flex-basis:33.33%\"><\/div>\n<\/div>\n\n\n\n<div class=\"wp-block-columns is-layout-flex wp-container-core-columns-is-layout-9d6595d7 wp-block-columns-is-layout-flex\">\n<div class=\"wp-block-column is-layout-flow wp-block-column-is-layout-flow\" style=\"flex-basis:16.67%\">\n<figure class=\"wp-block-image size-full is-style-default\"><img fetchpriority=\"high\" decoding=\"async\" width=\"400\" height=\"400\" src=\"https:\/\/wrmcouncil.org\/wp-content\/uploads\/2021\/12\/Shaza-Alrihawi.jpeg\" alt=\"\" class=\"wp-image-7087\" srcset=\"https:\/\/wrmcouncil.org\/wp-content\/uploads\/2021\/12\/Shaza-Alrihawi.jpeg 400w, https:\/\/wrmcouncil.org\/wp-content\/uploads\/2021\/12\/Shaza-Alrihawi-300x300.jpeg 300w, https:\/\/wrmcouncil.org\/wp-content\/uploads\/2021\/12\/Shaza-Alrihawi-150x150.jpeg 150w, https:\/\/wrmcouncil.org\/wp-content\/uploads\/2021\/12\/Shaza-Alrihawi-348x348.jpeg 348w, https:\/\/wrmcouncil.org\/wp-content\/uploads\/2021\/12\/Shaza-Alrihawi-354x354.jpeg 354w, https:\/\/wrmcouncil.org\/wp-content\/uploads\/2021\/12\/Shaza-Alrihawi-100x100.jpeg 100w\" sizes=\"(max-width: 400px) 100vw, 400px\" \/><\/figure>\n<\/div>\n\n\n\n<div class=\"wp-block-column is-layout-flow wp-block-column-is-layout-flow\" style=\"flex-basis:50%\">\n<h4 class=\"wp-block-heading\">Shaza Alrihawi<\/h4>\n\n\n\n<p><a href=\"https:\/\/wrmcouncil.org\/fr\/people\/najeeba-wazefadost\/\"><a href=\"https:\/\/wrmcouncil.org\/fr\/people\/shaza-alrihawi\/\"><a href=\"https:\/\/wrmcouncil.org\/fr\/people\/shaza-alrihawi\/\">Co-founder, Global Independent Refugee Women Leaders; Interim Chair, Global Refugee-led Network \/ European Coalition<\/a><\/a><\/a><\/p>\n<\/div>\n\n\n\n<div class=\"wp-block-column is-layout-flow wp-block-column-is-layout-flow\" style=\"flex-basis:33.33%\"><\/div>\n<\/div>\n\n\n\n<div class=\"wp-block-columns is-layout-flex wp-container-core-columns-is-layout-9d6595d7 wp-block-columns-is-layout-flex\">\n<div class=\"wp-block-column is-layout-flow wp-block-column-is-layout-flow\" style=\"flex-basis:16.67%\">\n<figure class=\"wp-block-image size-thumbnail is-style-default\"><img decoding=\"async\" width=\"150\" height=\"150\" src=\"https:\/\/wrmcouncil.org\/wp-content\/uploads\/2021\/09\/iu-2-150x150.jpeg\" alt=\"\" class=\"wp-image-6496\" srcset=\"https:\/\/wrmcouncil.org\/wp-content\/uploads\/2021\/09\/iu-2-150x150.jpeg 150w, https:\/\/wrmcouncil.org\/wp-content\/uploads\/2021\/09\/iu-2-100x100.jpeg 100w, https:\/\/wrmcouncil.org\/wp-content\/uploads\/2021\/09\/iu-2.jpeg 180w\" sizes=\"(max-width: 150px) 100vw, 150px\" \/><\/figure>\n<\/div>\n\n\n\n<div class=\"wp-block-column is-layout-flow wp-block-column-is-layout-flow\" style=\"flex-basis:50%\">\n<h4 class=\"wp-block-heading\">Najeeba Wazefadost<\/h4>\n\n\n\n<p><a href=\"https:\/\/wrmcouncil.org\/fr\/people\/najeeba-wazefadost\/\">Afghan refugee, Co-founder Asia Pacific Network of Refugees and Global Independent Refugee Women Leaders<\/a><\/p>\n<\/div>\n\n\n\n<div class=\"wp-block-column is-layout-flow wp-block-column-is-layout-flow\" style=\"flex-basis:33.33%\"><\/div>\n<\/div>","protected":false},"excerpt":{"rendered":"<p>On March 30 and 31, 2022, Canada will host the\u00a0Together for Learning Summit: Engaging Displaced Youth to Transform Education. The Summit, part of the\u00a0Together for Learning campaign, will offer a unique opportunity to learn from the educational experiences of displaced youth and to engage with them as problem solvers and decision makers. The Summit aims [&hellip;]<\/p>\n","protected":false},"author":3,"featured_media":8013,"comment_status":"closed","ping_status":"open","sticky":false,"template":"","format":"standard","meta":{"inline_featured_image":false,"cybocfi_hide_featured_image":"","footnotes":""},"categories":[202],"tags":[99,254,155],"ppma_author":[92],"class_list":["post-8012","post","type-post","status-publish","format-standard","has-post-thumbnail","hentry","category-event","tag-canada","tag-education","tag-refugee-voices","author-wrmc"],"yoast_head":"<!-- This site is optimized with the Yoast SEO plugin v27.4 - https:\/\/yoast.com\/product\/yoast-seo-wordpress\/ -->\n<title>Together for Learning Summit: Engaging Displaced Youth to Transform Education - World Refugee and Migration Council<\/title>\n<meta name=\"robots\" content=\"index, follow, max-snippet:-1, max-image-preview:large, max-video-preview:-1\" \/>\n<link rel=\"canonical\" href=\"https:\/\/zunokscx.elementor.cloud\/fr\/event\/together-for-learning-summit-engaging-displaced-youth-to-transform-education\/\" \/>\n<meta property=\"og:locale\" content=\"fr_CA\" \/>\n<meta property=\"og:type\" content=\"article\" \/>\n<meta property=\"og:title\" content=\"Together for Learning Summit: Engaging Displaced Youth to Transform Education - World Refugee and Migration Council\" \/>\n<meta property=\"og:description\" content=\"On March 30 and 31, 2022, Canada will host the\u00a0Together for Learning Summit: Engaging Displaced Youth to Transform Education. The Summit, part of the\u00a0Together for Learning campaign, will offer a unique opportunity to learn from the educational experiences of displaced youth and to engage with them as problem solvers and decision makers. The Summit aims [&hellip;]\" \/>\n<meta property=\"og:url\" content=\"https:\/\/zunokscx.elementor.cloud\/fr\/event\/together-for-learning-summit-engaging-displaced-youth-to-transform-education\/\" \/>\n<meta property=\"og:site_name\" content=\"World Refugee and Migration Council\" \/>\n<meta property=\"article:publisher\" content=\"https:\/\/facebook.com\/wrmcouncil\" \/>\n<meta property=\"article:published_time\" content=\"2022-03-27T04:01:00+00:00\" \/>\n<meta property=\"article:modified_time\" content=\"2022-03-29T20:53:14+00:00\" \/>\n<meta property=\"og:image\" content=\"https:\/\/zunokscx.elementor.cloud\/wp-content\/uploads\/2022\/03\/22-008_Together-for-Learning_Youth-Summit2022_Branding_WEB-BUTTON_1400x800_EN.jpg\" \/>\n\t<meta property=\"og:image:width\" content=\"1400\" \/>\n\t<meta property=\"og:image:height\" content=\"800\" \/>\n\t<meta property=\"og:image:type\" content=\"image\/jpeg\" \/>\n<meta name=\"author\" content=\"WRMC\" \/>\n<meta name=\"twitter:card\" content=\"summary_large_image\" \/>\n<meta name=\"twitter:creator\" content=\"@wrmcouncil\" \/>\n<meta name=\"twitter:site\" content=\"@wrmcouncil\" \/>\n<meta name=\"twitter:label1\" content=\"\u00c9crit par\" \/>\n\t<meta name=\"twitter:data1\" content=\"WRMC\" \/>\n\t<meta name=\"twitter:label2\" content=\"Estimation du temps de lecture\" \/>\n\t<meta name=\"twitter:data2\" content=\"2 minutes\" \/>\n<script type=\"application\/ld+json\" class=\"yoast-schema-graph\">{\"@context\":\"https:\\\/\\\/schema.org\",\"@graph\":[{\"@type\":\"Article\",\"@id\":\"https:\\\/\\\/zunokscx.elementor.cloud\\\/fr\\\/event\\\/together-for-learning-summit-engaging-displaced-youth-to-transform-education\\\/#article\",\"isPartOf\":{\"@id\":\"https:\\\/\\\/zunokscx.elementor.cloud\\\/fr\\\/event\\\/together-for-learning-summit-engaging-displaced-youth-to-transform-education\\\/\"},\"author\":{\"name\":\"WRMC\",\"@id\":\"https:\\\/\\\/zunokscx.elementor.cloud\\\/#\\\/schema\\\/person\\\/c3ae89e5157f77ac5bac66122c87c700\"},\"headline\":\"Together for Learning Summit: Engaging Displaced Youth to Transform Education\",\"datePublished\":\"2022-03-27T04:01:00+00:00\",\"dateModified\":\"2022-03-29T20:53:14+00:00\",\"mainEntityOfPage\":{\"@id\":\"https:\\\/\\\/zunokscx.elementor.cloud\\\/fr\\\/event\\\/together-for-learning-summit-engaging-displaced-youth-to-transform-education\\\/\"},\"wordCount\":161,\"publisher\":{\"@id\":\"https:\\\/\\\/zunokscx.elementor.cloud\\\/#organization\"},\"image\":{\"@id\":\"https:\\\/\\\/zunokscx.elementor.cloud\\\/fr\\\/event\\\/together-for-learning-summit-engaging-displaced-youth-to-transform-education\\\/#primaryimage\"},\"thumbnailUrl\":\"https:\\\/\\\/wrmcouncil.org\\\/wp-content\\\/uploads\\\/2022\\\/03\\\/22-008_Together-for-Learning_Youth-Summit2022_Branding_WEB-BUTTON_1400x800_EN.jpg\",\"keywords\":[\"Canada\",\"Education\",\"refugee voices\"],\"articleSection\":[\"Event\"],\"inLanguage\":\"fr-CA\"},{\"@type\":\"WebPage\",\"@id\":\"https:\\\/\\\/zunokscx.elementor.cloud\\\/fr\\\/event\\\/together-for-learning-summit-engaging-displaced-youth-to-transform-education\\\/\",\"url\":\"https:\\\/\\\/zunokscx.elementor.cloud\\\/fr\\\/event\\\/together-for-learning-summit-engaging-displaced-youth-to-transform-education\\\/\",\"name\":\"Together for Learning Summit: Engaging Displaced Youth to Transform Education - World Refugee and Migration Council\",\"isPartOf\":{\"@id\":\"https:\\\/\\\/zunokscx.elementor.cloud\\\/#website\"},\"primaryImageOfPage\":{\"@id\":\"https:\\\/\\\/zunokscx.elementor.cloud\\\/fr\\\/event\\\/together-for-learning-summit-engaging-displaced-youth-to-transform-education\\\/#primaryimage\"},\"image\":{\"@id\":\"https:\\\/\\\/zunokscx.elementor.cloud\\\/fr\\\/event\\\/together-for-learning-summit-engaging-displaced-youth-to-transform-education\\\/#primaryimage\"},\"thumbnailUrl\":\"https:\\\/\\\/wrmcouncil.org\\\/wp-content\\\/uploads\\\/2022\\\/03\\\/22-008_Together-for-Learning_Youth-Summit2022_Branding_WEB-BUTTON_1400x800_EN.jpg\",\"datePublished\":\"2022-03-27T04:01:00+00:00\",\"dateModified\":\"2022-03-29T20:53:14+00:00\",\"breadcrumb\":{\"@id\":\"https:\\\/\\\/zunokscx.elementor.cloud\\\/fr\\\/event\\\/together-for-learning-summit-engaging-displaced-youth-to-transform-education\\\/#breadcrumb\"},\"inLanguage\":\"fr-CA\",\"potentialAction\":[{\"@type\":\"ReadAction\",\"target\":[\"https:\\\/\\\/zunokscx.elementor.cloud\\\/fr\\\/event\\\/together-for-learning-summit-engaging-displaced-youth-to-transform-education\\\/\"]}]},{\"@type\":\"ImageObject\",\"inLanguage\":\"fr-CA\",\"@id\":\"https:\\\/\\\/zunokscx.elementor.cloud\\\/fr\\\/event\\\/together-for-learning-summit-engaging-displaced-youth-to-transform-education\\\/#primaryimage\",\"url\":\"https:\\\/\\\/wrmcouncil.org\\\/wp-content\\\/uploads\\\/2022\\\/03\\\/22-008_Together-for-Learning_Youth-Summit2022_Branding_WEB-BUTTON_1400x800_EN.jpg\",\"contentUrl\":\"https:\\\/\\\/wrmcouncil.org\\\/wp-content\\\/uploads\\\/2022\\\/03\\\/22-008_Together-for-Learning_Youth-Summit2022_Branding_WEB-BUTTON_1400x800_EN.jpg\",\"width\":1400,\"height\":800},{\"@type\":\"BreadcrumbList\",\"@id\":\"https:\\\/\\\/zunokscx.elementor.cloud\\\/fr\\\/event\\\/together-for-learning-summit-engaging-displaced-youth-to-transform-education\\\/#breadcrumb\",\"itemListElement\":[{\"@type\":\"ListItem\",\"position\":1,\"name\":\"Home\",\"item\":\"https:\\\/\\\/wrmcouncil.org\\\/\"},{\"@type\":\"ListItem\",\"position\":2,\"name\":\"Together for Learning Summit: Engaging Displaced Youth to Transform Education\"}]},{\"@type\":\"WebSite\",\"@id\":\"https:\\\/\\\/zunokscx.elementor.cloud\\\/#website\",\"url\":\"https:\\\/\\\/zunokscx.elementor.cloud\\\/\",\"name\":\"World Refugee and Migration Council\",\"description\":\"Actions to Transform the Global Refugee and Migration Systems\",\"publisher\":{\"@id\":\"https:\\\/\\\/zunokscx.elementor.cloud\\\/#organization\"},\"potentialAction\":[{\"@type\":\"SearchAction\",\"target\":{\"@type\":\"EntryPoint\",\"urlTemplate\":\"https:\\\/\\\/zunokscx.elementor.cloud\\\/?s={search_term_string}\"},\"query-input\":{\"@type\":\"PropertyValueSpecification\",\"valueRequired\":true,\"valueName\":\"search_term_string\"}}],\"inLanguage\":\"fr-CA\"},{\"@type\":\"Organization\",\"@id\":\"https:\\\/\\\/zunokscx.elementor.cloud\\\/#organization\",\"name\":\"World Refugee & Migration Council\",\"url\":\"https:\\\/\\\/zunokscx.elementor.cloud\\\/\",\"logo\":{\"@type\":\"ImageObject\",\"inLanguage\":\"fr-CA\",\"@id\":\"https:\\\/\\\/zunokscx.elementor.cloud\\\/#\\\/schema\\\/logo\\\/image\\\/\",\"url\":\"https:\\\/\\\/wrmcouncil.org\\\/wp-content\\\/uploads\\\/2020\\\/07\\\/WRMC-logo_en-round-avatar.jpg\",\"contentUrl\":\"https:\\\/\\\/wrmcouncil.org\\\/wp-content\\\/uploads\\\/2020\\\/07\\\/WRMC-logo_en-round-avatar.jpg\",\"width\":313,\"height\":313,\"caption\":\"World Refugee & Migration Council\"},\"image\":{\"@id\":\"https:\\\/\\\/zunokscx.elementor.cloud\\\/#\\\/schema\\\/logo\\\/image\\\/\"},\"sameAs\":[\"https:\\\/\\\/facebook.com\\\/wrmcouncil\",\"https:\\\/\\\/x.com\\\/wrmcouncil\"]},{\"@type\":\"Person\",\"@id\":\"https:\\\/\\\/zunokscx.elementor.cloud\\\/#\\\/schema\\\/person\\\/c3ae89e5157f77ac5bac66122c87c700\",\"name\":\"WRMC\",\"image\":{\"@type\":\"ImageObject\",\"inLanguage\":\"fr-CA\",\"@id\":\"https:\\\/\\\/secure.gravatar.com\\\/avatar\\\/67ffb94cd362cb854585a2a2d46e1e6be6360dc12635e5f0cdb1d94ce406d2a4?s=96&d=blank&r=g9d0c57ea608ede34bcfec6e9c38d4b88\",\"url\":\"https:\\\/\\\/secure.gravatar.com\\\/avatar\\\/67ffb94cd362cb854585a2a2d46e1e6be6360dc12635e5f0cdb1d94ce406d2a4?s=96&d=blank&r=g\",\"contentUrl\":\"https:\\\/\\\/secure.gravatar.com\\\/avatar\\\/67ffb94cd362cb854585a2a2d46e1e6be6360dc12635e5f0cdb1d94ce406d2a4?s=96&d=blank&r=g\",\"caption\":\"WRMC\"},\"url\":\"https:\\\/\\\/wrmcouncil.org\\\/fr\\\/author\\\/wrmc\\\/\"}]}<\/script>\n<!-- \/ Yoast SEO plugin. -->","yoast_head_json":{"title":"Together for Learning Summit: Engaging Displaced Youth to Transform Education - World Refugee and Migration Council","robots":{"index":"index","follow":"follow","max-snippet":"max-snippet:-1","max-image-preview":"max-image-preview:large","max-video-preview":"max-video-preview:-1"},"canonical":"https:\/\/zunokscx.elementor.cloud\/fr\/event\/together-for-learning-summit-engaging-displaced-youth-to-transform-education\/","og_locale":"fr_CA","og_type":"article","og_title":"Together for Learning Summit: Engaging Displaced Youth to Transform Education - World Refugee and Migration Council","og_description":"On March 30 and 31, 2022, Canada will host the\u00a0Together for Learning Summit: Engaging Displaced Youth to Transform Education. The Summit, part of the\u00a0Together for Learning campaign, will offer a unique opportunity to learn from the educational experiences of displaced youth and to engage with them as problem solvers and decision makers. The Summit aims [&hellip;]","og_url":"https:\/\/zunokscx.elementor.cloud\/fr\/event\/together-for-learning-summit-engaging-displaced-youth-to-transform-education\/","og_site_name":"World Refugee and Migration Council","article_publisher":"https:\/\/facebook.com\/wrmcouncil","article_published_time":"2022-03-27T04:01:00+00:00","article_modified_time":"2022-03-29T20:53:14+00:00","og_image":[{"width":1400,"height":800,"url":"https:\/\/zunokscx.elementor.cloud\/wp-content\/uploads\/2022\/03\/22-008_Together-for-Learning_Youth-Summit2022_Branding_WEB-BUTTON_1400x800_EN.jpg","type":"image\/jpeg"}],"author":"WRMC","twitter_card":"summary_large_image","twitter_creator":"@wrmcouncil","twitter_site":"@wrmcouncil","twitter_misc":{"\u00c9crit par":"WRMC","Estimation du temps de lecture":"2 minutes"},"schema":{"@context":"https:\/\/schema.org","@graph":[{"@type":"Article","@id":"https:\/\/zunokscx.elementor.cloud\/fr\/event\/together-for-learning-summit-engaging-displaced-youth-to-transform-education\/#article","isPartOf":{"@id":"https:\/\/zunokscx.elementor.cloud\/fr\/event\/together-for-learning-summit-engaging-displaced-youth-to-transform-education\/"},"author":{"name":"WRMC","@id":"https:\/\/zunokscx.elementor.cloud\/#\/schema\/person\/c3ae89e5157f77ac5bac66122c87c700"},"headline":"Together for Learning Summit: Engaging Displaced Youth to Transform Education","datePublished":"2022-03-27T04:01:00+00:00","dateModified":"2022-03-29T20:53:14+00:00","mainEntityOfPage":{"@id":"https:\/\/zunokscx.elementor.cloud\/fr\/event\/together-for-learning-summit-engaging-displaced-youth-to-transform-education\/"},"wordCount":161,"publisher":{"@id":"https:\/\/zunokscx.elementor.cloud\/#organization"},"image":{"@id":"https:\/\/zunokscx.elementor.cloud\/fr\/event\/together-for-learning-summit-engaging-displaced-youth-to-transform-education\/#primaryimage"},"thumbnailUrl":"https:\/\/wrmcouncil.org\/wp-content\/uploads\/2022\/03\/22-008_Together-for-Learning_Youth-Summit2022_Branding_WEB-BUTTON_1400x800_EN.jpg","keywords":["Canada","Education","refugee voices"],"articleSection":["Event"],"inLanguage":"fr-CA"},{"@type":"WebPage","@id":"https:\/\/zunokscx.elementor.cloud\/fr\/event\/together-for-learning-summit-engaging-displaced-youth-to-transform-education\/","url":"https:\/\/zunokscx.elementor.cloud\/fr\/event\/together-for-learning-summit-engaging-displaced-youth-to-transform-education\/","name":"Together for Learning Summit: Engaging Displaced Youth to Transform Education - World Refugee and Migration Council","isPartOf":{"@id":"https:\/\/zunokscx.elementor.cloud\/#website"},"primaryImageOfPage":{"@id":"https:\/\/zunokscx.elementor.cloud\/fr\/event\/together-for-learning-summit-engaging-displaced-youth-to-transform-education\/#primaryimage"},"image":{"@id":"https:\/\/zunokscx.elementor.cloud\/fr\/event\/together-for-learning-summit-engaging-displaced-youth-to-transform-education\/#primaryimage"},"thumbnailUrl":"https:\/\/wrmcouncil.org\/wp-content\/uploads\/2022\/03\/22-008_Together-for-Learning_Youth-Summit2022_Branding_WEB-BUTTON_1400x800_EN.jpg","datePublished":"2022-03-27T04:01:00+00:00","dateModified":"2022-03-29T20:53:14+00:00","breadcrumb":{"@id":"https:\/\/zunokscx.elementor.cloud\/fr\/event\/together-for-learning-summit-engaging-displaced-youth-to-transform-education\/#breadcrumb"},"inLanguage":"fr-CA","potentialAction":[{"@type":"ReadAction","target":["https:\/\/zunokscx.elementor.cloud\/fr\/event\/together-for-learning-summit-engaging-displaced-youth-to-transform-education\/"]}]},{"@type":"ImageObject","inLanguage":"fr-CA","@id":"https:\/\/zunokscx.elementor.cloud\/fr\/event\/together-for-learning-summit-engaging-displaced-youth-to-transform-education\/#primaryimage","url":"https:\/\/wrmcouncil.org\/wp-content\/uploads\/2022\/03\/22-008_Together-for-Learning_Youth-Summit2022_Branding_WEB-BUTTON_1400x800_EN.jpg","contentUrl":"https:\/\/wrmcouncil.org\/wp-content\/uploads\/2022\/03\/22-008_Together-for-Learning_Youth-Summit2022_Branding_WEB-BUTTON_1400x800_EN.jpg","width":1400,"height":800},{"@type":"BreadcrumbList","@id":"https:\/\/zunokscx.elementor.cloud\/fr\/event\/together-for-learning-summit-engaging-displaced-youth-to-transform-education\/#breadcrumb","itemListElement":[{"@type":"ListItem","position":1,"name":"Home","item":"https:\/\/wrmcouncil.org\/"},{"@type":"ListItem","position":2,"name":"Together for Learning Summit: Engaging Displaced Youth to Transform Education"}]},{"@type":"WebSite","@id":"https:\/\/zunokscx.elementor.cloud\/#website","url":"https:\/\/zunokscx.elementor.cloud\/","name":"World Refugee and Migration Council","description":"Actions to Transform the Global Refugee and Migration Systems","publisher":{"@id":"https:\/\/zunokscx.elementor.cloud\/#organization"},"potentialAction":[{"@type":"SearchAction","target":{"@type":"EntryPoint","urlTemplate":"https:\/\/zunokscx.elementor.cloud\/?s={search_term_string}"},"query-input":{"@type":"PropertyValueSpecification","valueRequired":true,"valueName":"search_term_string"}}],"inLanguage":"fr-CA"},{"@type":"Organization","@id":"https:\/\/zunokscx.elementor.cloud\/#organization","name":"World Refugee & Migration Council","url":"https:\/\/zunokscx.elementor.cloud\/","logo":{"@type":"ImageObject","inLanguage":"fr-CA","@id":"https:\/\/zunokscx.elementor.cloud\/#\/schema\/logo\/image\/","url":"https:\/\/wrmcouncil.org\/wp-content\/uploads\/2020\/07\/WRMC-logo_en-round-avatar.jpg","contentUrl":"https:\/\/wrmcouncil.org\/wp-content\/uploads\/2020\/07\/WRMC-logo_en-round-avatar.jpg","width":313,"height":313,"caption":"World Refugee & Migration Council"},"image":{"@id":"https:\/\/zunokscx.elementor.cloud\/#\/schema\/logo\/image\/"},"sameAs":["https:\/\/facebook.com\/wrmcouncil","https:\/\/x.com\/wrmcouncil"]},{"@type":"Person","@id":"https:\/\/zunokscx.elementor.cloud\/#\/schema\/person\/c3ae89e5157f77ac5bac66122c87c700","name":"WRMC","image":{"@type":"ImageObject","inLanguage":"fr-CA","@id":"https:\/\/secure.gravatar.com\/avatar\/67ffb94cd362cb854585a2a2d46e1e6be6360dc12635e5f0cdb1d94ce406d2a4?s=96&d=blank&r=g9d0c57ea608ede34bcfec6e9c38d4b88","url":"https:\/\/secure.gravatar.com\/avatar\/67ffb94cd362cb854585a2a2d46e1e6be6360dc12635e5f0cdb1d94ce406d2a4?s=96&d=blank&r=g","contentUrl":"https:\/\/secure.gravatar.com\/avatar\/67ffb94cd362cb854585a2a2d46e1e6be6360dc12635e5f0cdb1d94ce406d2a4?s=96&d=blank&r=g","caption":"WRMC"},"url":"https:\/\/wrmcouncil.org\/fr\/author\/wrmc\/"}]}},"featured_image_src":"https:\/\/wrmcouncil.org\/wp-content\/uploads\/2022\/03\/22-008_Together-for-Learning_Youth-Summit2022_Branding_WEB-BUTTON_1400x800_EN-600x400.jpg","featured_image_src_square":"https:\/\/wrmcouncil.org\/wp-content\/uploads\/2022\/03\/22-008_Together-for-Learning_Youth-Summit2022_Branding_WEB-BUTTON_1400x800_EN-600x600.jpg","author_info":{"display_name":"WRMC","author_link":"https:\/\/wrmcouncil.org\/fr\/author\/wrmc\/"},"authors":[{"term_id":92,"user_id":3,"is_guest":0,"slug":"wrmc","display_name":"WRMC","avatar_url":"https:\/\/secure.gravatar.com\/avatar\/67ffb94cd362cb854585a2a2d46e1e6be6360dc12635e5f0cdb1d94ce406d2a4?s=96&d=blank&r=g","0":null,"1":"","2":"","3":"","4":"","5":"","6":"","7":"","8":""}],"_links":{"self":[{"href":"https:\/\/wrmcouncil.org\/fr\/wp-json\/wp\/v2\/posts\/8012","targetHints":{"allow":["GET"]}}],"collection":[{"href":"https:\/\/wrmcouncil.org\/fr\/wp-json\/wp\/v2\/posts"}],"about":[{"href":"https:\/\/wrmcouncil.org\/fr\/wp-json\/wp\/v2\/types\/post"}],"author":[{"embeddable":true,"href":"https:\/\/wrmcouncil.org\/fr\/wp-json\/wp\/v2\/users\/3"}],"replies":[{"embeddable":true,"href":"https:\/\/wrmcouncil.org\/fr\/wp-json\/wp\/v2\/comments?post=8012"}],"version-history":[{"count":0,"href":"https:\/\/wrmcouncil.org\/fr\/wp-json\/wp\/v2\/posts\/8012\/revisions"}],"wp:featuredmedia":[{"embeddable":true,"href":"https:\/\/wrmcouncil.org\/fr\/wp-json\/wp\/v2\/media\/8013"}],"wp:attachment":[{"href":"https:\/\/wrmcouncil.org\/fr\/wp-json\/wp\/v2\/media?parent=8012"}],"wp:term":[{"taxonomy":"category","embeddable":true,"href":"https:\/\/wrmcouncil.org\/fr\/wp-json\/wp\/v2\/categories?post=8012"},{"taxonomy":"post_tag","embeddable":true,"href":"https:\/\/wrmcouncil.org\/fr\/wp-json\/wp\/v2\/tags?post=8012"},{"taxonomy":"author","embeddable":true,"href":"https:\/\/wrmcouncil.org\/fr\/wp-json\/wp\/v2\/ppma_author?post=8012"}],"curies":[{"name":"wp","href":"https:\/\/api.w.org\/{rel}","templated":true}]}}