{"id":6046,"date":"2021-06-04T00:49:17","date_gmt":"2021-06-04T04:49:17","guid":{"rendered":"https:\/\/wrmcouncil.org\/?p=6046"},"modified":"2022-04-19T16:00:52","modified_gmt":"2022-04-19T20:00:52","slug":"new-blue-ribbon-task-force-regional-response-key-to-addressing-migration-in-north-and-central-america","status":"publish","type":"post","link":"https:\/\/wrmcouncil.org\/es\/migration-task-force\/new-blue-ribbon-task-force-regional-response-key-to-addressing-migration-in-north-and-central-america\/","title":{"rendered":"Nuevo grupo de trabajo de alto nivel: una respuesta regional es crucial para atender la migraci\u00f3n en Am\u00e9rica del Norte y Centroam\u00e9rica"},"content":{"rendered":"<ul class=\"wp-block-list\"><li>Las visitas a Centroam\u00e9rica de la vicepresidenta estadounidense Kamala Harris y del secretario de Estado Antony Blinken demuestran la importancia de los problemas, pero Estados Unidos no debe actuar solo.<\/li><li>Canad\u00e1, M\u00e9xico y Estados Unidos tienen una oportunidad oportuna para situar la migraci\u00f3n y el desplazamiento regional en lo m\u00e1s alto de su agenda e incluir a las partes interesadas de Centroam\u00e9rica en los debates.<\/li><\/ul>\n\n\n\n<p><strong>4 de junio de 2021<\/strong>&nbsp;El nuevo Grupo de Trabajo de Centro y Norteam\u00e9rica sobre Migraci\u00f3n, dado a conocer el d\u00eda de hoy, re\u00fane a representantes de la sociedad civil, l\u00edderes empresariales, acad\u00e9micos y ex funcionarios de diversos pa\u00edses, con el prop\u00f3sito de proponer respuestas colectivas y de alcance regional a los problemas de largo plazo en materia de seguridad econ\u00f3mica y gobernanza, que obligan a las personas migrantes y solicitantes de asilo a abandonar sus hogares.<\/p>\n\n\n\n<p>En su declaraci\u00f3n inaugural, los integrantes de este nuevo grupo de trabajo de ato nivel sugieren un nuevo enfoque ante esta compleja problem\u00e1tica que exige un abordaje colectivo por parte de los vecinos de la regi\u00f3n, desde Canad\u00e1 hasta Am\u00e9rica Central. Asimismo, proponen una estrategia que se plantea trascender las reuniones a nivel pol\u00edtico y abrir canales de comunicaci\u00f3n entre funcionarios gubernamentales, organizaciones de la sociedad civil e instituciones internacionales.<\/p>\n\n\n\n<p>\u201cHa llegado el momento de emprender una iniciativa regional integral y unificada para abordar el desaf\u00edo fundamental de las personas refugiadas y migrantes en las Am\u00e9ricas\u201d, se afirma en la declaraci\u00f3n. \u201cNing\u00fan pa\u00eds ha dejado de verse afectado por los grandes movimientos de personas que huyen de la violencia, la corrupci\u00f3n, la pobreza, la criminalidad y los efectos del cambio clim\u00e1tico y buscan protecci\u00f3n en otros pa\u00edses.\u201d<\/p>\n\n\n\n<p class=\"translation-block\">El Grupo de Trabajo de Centro y Norteam\u00e9rica sobre Migraci\u00f3n est\u00e1 copresidido por Madeleine Albright, exsecretaria de Estado de Estados Unidos; Lloyd Axworthy, presidente del Consejo Mundial para los Refugiados y la Migraci\u00f3n y exministro de Asuntos Exteriores e Inmigraci\u00f3n de Canad\u00e1; Mayu Brizuela de \u00c1vila, exministra de Asuntos Exteriores de El Salvador; Laura Chinchilla, expresidenta de Costa Rica; Silvia Giorguli Saucedo, presidenta de El Colegio de M\u00e9xico, y el cardenal \u00c1lvaro Ramazzini, obispo de Huehuetenango, Guatemala, e incluye entre sus miembros una amplia gama de representantes de la sociedad civil, instituciones acad\u00e9micas y empresas.<\/p>\n\n\n\n<p class=\"translation-block\">Creado como parte de una iniciativa del Consejo Mundial para los Refugiados y la Migraci\u00f3n, en colaboraci\u00f3n con el Centro de Estudios M\u00e9xico-Estados Unidos, El Colegio de M\u00e9xico, el Instituto de Pol\u00edticas Migratorias (MPI) y Di\u00e1logo Interamericano, el grupo de trabajo emitir\u00e1 recomendaciones basadas en evidencia e investigaci\u00f3n rigurosa, a l\u00edderes de la regi\u00f3n, a efecto de promover la responsabilidad compartida entre Am\u00e9rica del Norte y Centroam\u00e9rica en torno a seis cuestiones cruciales:<\/p>\n\n\n\n<ul class=\"wp-block-list\"><li>Protecci\u00f3n humanitaria en la regi\u00f3n, en especial para mujeres y ni\u00f1os, por ser quienes corren mayores riesgos.<\/li><li>Corresponsabilidad y cooperaci\u00f3n para gestionar la migraci\u00f3n, con \u00e9nfasis en el mejoramiento de las estrategias regionales en la materia.<\/li><li>Marcos institucionales y consideraciones pol\u00edticas nacionales, incluyendo elementos como el Estado de derecho, la gobernanza, la corrupci\u00f3n y la rendici\u00f3n de cuentas.<\/li><li>Inversi\u00f3n en el desarrollo a largo plazo, con miras a hacer frente a la violencia y las pandillas, la pobreza y la inequidad, as\u00ed como a los efectos del cambio clim\u00e1tico.<\/li><li>Fortalecimiento de las v\u00edas legales para la migraci\u00f3n como alternativa a la migraci\u00f3n irregular, incluyendo opciones como patrocinio privado, reunificaci\u00f3n familiar y migraci\u00f3n laboral.<\/li><li>Integraci\u00f3n de refugiados y migrantes en los pa\u00edses de acogida.<\/li><\/ul>\n\n\n\n<p><strong>Copresidentes del grupo de trabajo<\/strong><\/p>\n\n\n\n<ul class=\"wp-block-list\"><li>Madeleine Albright, exsecretaria de Estado de Estados Unidos y presidenta honoraria del Consejo Mundial para los Refugiados y la Migraci\u00f3n<\/li><li>Lloyd Axworthy, presidente del Consejo Mundial para los Refugiados y la Migraci\u00f3n y exministro de Asuntos Exteriores e Inmigraci\u00f3n de Canad\u00e1<\/li><li>Mayu Brizuela de \u00c1vila, exministra de Asuntos Exteriores de El Salvador<\/li><li>Laura Chinchilla, expresidenta de Costa Rica<\/li><li>Silvia Giorguli Saucedo, presidenta de El Colegio de M\u00e9xico<\/li><li>\u00c1lvaro Ramazzini, cardenal obispo de Huehuetenango, Guatemala<\/li><\/ul>\n\n\n\n<p><strong>Integrantes del grupo de trabajo<\/strong><strong><\/strong><\/p>\n\n\n\n<ul class=\"wp-block-list\"><li>Pedro Barquero, presidente, C\u00e1mara de Comercio e Industria de Cort\u00e9s<\/li><li>Allert Brown-Gort, Profesor Visitante en el Departamento de Estudios Internacionales, Instituto Tecnol\u00f3gico Aut\u00f3nomo de M\u00e9xico<\/li><li>Noah Bullock, director ejecutivo, Cristosal<\/li><li>Juan Luis Carbajal Tejeda, secretario ejecutivo, Pastoral de Movilidad Humana<\/li><li>Jos\u00e9 Miguel Cruz, director de investigaci\u00f3n, Centro de Estudios Latinoamericanos y del Caribe Kimberly Green, Universidad Internacional de Florida<\/li><li>Diego de Sola, cofundador y miembro de la junta directiva, Glasswing<\/li><li>Katharine Donato, directora, Instituto para el Estudio de la Migraci\u00f3n Internacional, Universidad de Georgetown<\/li><li>Jonathan Fanton, asesor especial, World Refugee &amp; Migration Council<\/li><li>Fay Faraday, abogada canadiense en justicia social<\/li><li>Jayne Fleming, directora de programas internacionales para refugiados, Reed Smith LLP, y directora internacional, Lamp Lifeboat Ladder<\/li><li>Rafael Fern\u00e1ndez de Castro, director, Centro de Estudios M\u00e9xico-Estados Unidos<\/li><li>Elizabeth Ferris, Professor, Georgetown University, and Vice President of Research, World Refugee &amp; Migration Council<\/li><li>Fen Osler Hampson, presidente, Consejo Mundial para los Refugiados y la Migraci\u00f3n<\/li><li>Gina Kawas, investigadora, Centro Vidanta-Wilson<\/li><li>Doris Meissner, investigadora titular y directora, Programa Estadounidense de Pol\u00edticas de Inmigraci\u00f3n, Instituto de Pol\u00edticas Migratorias (MPI)<\/li><li>Helena Olea, directora adjunta de programas, Alianza Am\u00e9ricas<\/li><li>Salvador Paiz, director, Fundaci\u00f3n para el Desarrollo de Guatemala (FUNDESA)<\/li><li>Patricia P\u00e9rez Coutts, presidenta del Consejo, Cuso Internacional<\/li><li>Guillermo E. Rishchynski, exembajador canadiense y miembro de la junta directiva, Consejo Canadiense para las Am\u00e9ricas<\/li><li>Allan Rock, presidente em\u00e9rito y profesor de derecho, Universidad de Ottawa, y exembajador de Canad\u00e1 ante las Naciones Unidas<\/li><li>Emilio Romano, director general, Bank of America, M\u00e9xico&nbsp;<\/li><li>Ana Mercedes Saiz, directora ejecutiva, Sin Fronteras<\/li><li>Andrew Selee, presidente, Instituto de Pol\u00edticas Migratorias (MPI)<\/li><li>Michael Shifter, presidente, Di\u00e1logo Interamericano<\/li><li>Eduardo Stein Barillas, exvicepresidente y exministro de Asuntos Exteriores de Guatemala<\/li><li>Brian Stevenson, presidente y director ejecutivo, Alianzas Universitarias de Am\u00e9rica del Norte, Navitas<\/li><li>Irma Alicia Vel\u00e1squez Nimatuj, profesora invitada, Universidad de Stanford<\/li><li>Beatriz Zepeda, Professor and Researcher, Centro de Estudios Internacionales, El Colegio de M\u00e9xico and&nbsp;Former Director of Flacso-Guatemala<\/li><\/ul>\n\n\n\n<hr class=\"wp-block-separator\"\/>\n\n\n\n<p><em><a href=\"https:\/\/wrmcouncil.org\/es\/migration-task-force\/statement-of-the-north-and-central-american-task-force-on-migration\/\">Pulse aqu\u00ed para ver la declaraci\u00f3n completa del Grupo de Trabajo de Centro y Norteam\u00e9rica sobre Migraci\u00f3n<\/a>. Sigue el trabajo del Grupo de Trabajo con #GrupoTrabajoMigracion y @wrmcouncil <a href=\"https:\/\/twitter.com\/wrmcouncil\">Twitter<\/a> and <a href=\"https:\/\/facebook.com\/wrmcouncil\">Facebook<\/a>.&nbsp;<\/em><\/p>\n\n\n\n<p><strong>Acerca del Grupo de Trabajo de Centro y Norteam\u00e9rica sobre Migraci\u00f3n<\/strong><\/p>\n\n\n\n<p>es un foro no gubernamental de acad\u00e9micos, l\u00edderes de la sociedad civil y del mundo empresarial, y antiguos responsables pol\u00edticos en di\u00e1logo con funcionarios gubernamentales actuales, creado para facilitar un di\u00e1logo de soluciones ampliamente impulsado entre los pa\u00edses implicados en la crisis de la migraci\u00f3n y el desplazamiento forzado en la regi\u00f3n. Iniciado por el World Refugee &amp; Migration Council (WRMC, Consejo Mundial de Refugiados y Migraci\u00f3n) con el Centro de Estudios M\u00e9xico-Estados Unidos, El Colegio de M\u00e9xico, el Migration Policy Institute (MPI) y el Di\u00e1logo Interamericano, el grupo de trabajo emitir\u00e1 recomendaciones concretas para una acci\u00f3n colectiva y regional basada en la investigaci\u00f3n de pruebas para promover el reparto de responsabilidades en toda Am\u00e9rica del Norte y Central.&nbsp;<\/p>","protected":false},"excerpt":{"rendered":"<p>Un nuevo grupo de trabajo de alto nivel lanzado hoy re\u00fane a la sociedad civil, a l\u00edderes empresariales, a investigadores acad\u00e9micos y a antiguos responsables pol\u00edticos para impulsar respuestas colectivas y regionales a los problemas de seguridad econ\u00f3mica y de gobernanza a largo plazo que impulsan a los migrantes y a los solicitantes de asilo a abandonar sus hogares.<\/p>","protected":false},"author":3,"featured_media":5877,"comment_status":"closed","ping_status":"open","sticky":false,"template":"","format":"standard","meta":{"inline_featured_image":false,"cybocfi_hide_featured_image":"","footnotes":""},"categories":[288,274,57],"tags":[259,263,98,144,198,275,273],"ppma_author":[92],"class_list":["post-6046","post","type-post","status-publish","format-standard","has-post-thumbnail","hentry","category-english","category-migration-task-force","category-news","tag-central-america","tag-climate-displacement","tag-forced-displacement","tag-idps","tag-migration","tag-news-release","tag-task-force","author-wrmc"],"yoast_head":"<!-- This site is optimized with the Yoast SEO plugin v27.4 - https:\/\/yoast.com\/product\/yoast-seo-wordpress\/ -->\n<title>New Task Force: Regional Response Key to Addressing Migration in North and Central America - World Refugee and Migration Council<\/title>\n<meta name=\"robots\" content=\"index, follow, max-snippet:-1, max-image-preview:large, max-video-preview:-1\" \/>\n<link rel=\"canonical\" href=\"https:\/\/zunokscx.elementor.cloud\/migration-task-force\/new-blue-ribbon-task-force-regional-response-key-to-addressing-migration-in-north-and-central-america\/\" \/>\n<meta property=\"og:locale\" content=\"es_MX\" \/>\n<meta property=\"og:type\" content=\"article\" \/>\n<meta property=\"og:title\" content=\"New Task Force: Regional Response Key to Addressing Migration in North and Central America - World Refugee and Migration Council\" \/>\n<meta property=\"og:description\" content=\"A new high-level task force launched today brings together civil society, business leaders, academic researchers and former policymakers to push for collective, regional responses to the longer-term economic security and governance issues that impel migrants and asylum seekers to leave their homes.\" \/>\n<meta property=\"og:url\" content=\"https:\/\/zunokscx.elementor.cloud\/migration-task-force\/new-blue-ribbon-task-force-regional-response-key-to-addressing-migration-in-north-and-central-america\/\" \/>\n<meta property=\"og:site_name\" content=\"World Refugee and Migration Council\" \/>\n<meta property=\"article:publisher\" content=\"https:\/\/facebook.com\/wrmcouncil\" \/>\n<meta property=\"article:published_time\" content=\"2021-06-04T04:49:17+00:00\" \/>\n<meta property=\"article:modified_time\" content=\"2022-04-19T20:00:52+00:00\" \/>\n<meta property=\"og:image\" content=\"https:\/\/zunokscx.elementor.cloud\/wp-content\/uploads\/2021\/06\/Migrants-Walking-along-Railroad-Track-Mexico-iStock-1139894725-scaled-e1622773918169.jpg\" \/>\n\t<meta property=\"og:image:width\" content=\"2560\" \/>\n\t<meta property=\"og:image:height\" content=\"928\" \/>\n\t<meta property=\"og:image:type\" content=\"image\/jpeg\" \/>\n<meta name=\"author\" content=\"WRMC\" \/>\n<meta name=\"twitter:card\" content=\"summary_large_image\" \/>\n<meta name=\"twitter:creator\" content=\"@wrmcouncil\" \/>\n<meta name=\"twitter:site\" content=\"@wrmcouncil\" \/>\n<meta name=\"twitter:label1\" content=\"Escrito por\" \/>\n\t<meta name=\"twitter:data1\" content=\"WRMC\" \/>\n\t<meta name=\"twitter:label2\" content=\"Tiempo de lectura\" \/>\n\t<meta name=\"twitter:data2\" content=\"5 minutos\" \/>\n<script type=\"application\/ld+json\" class=\"yoast-schema-graph\">{\"@context\":\"https:\\\/\\\/schema.org\",\"@graph\":[{\"@type\":\"Article\",\"@id\":\"https:\\\/\\\/zunokscx.elementor.cloud\\\/migration-task-force\\\/new-blue-ribbon-task-force-regional-response-key-to-addressing-migration-in-north-and-central-america\\\/#article\",\"isPartOf\":{\"@id\":\"https:\\\/\\\/zunokscx.elementor.cloud\\\/migration-task-force\\\/new-blue-ribbon-task-force-regional-response-key-to-addressing-migration-in-north-and-central-america\\\/\"},\"author\":{\"name\":\"WRMC\",\"@id\":\"https:\\\/\\\/zunokscx.elementor.cloud\\\/#\\\/schema\\\/person\\\/c3ae89e5157f77ac5bac66122c87c700\"},\"headline\":\"New Task Force: Regional Response Key to Addressing Migration in North and Central America\",\"datePublished\":\"2021-06-04T04:49:17+00:00\",\"dateModified\":\"2022-04-19T20:00:52+00:00\",\"mainEntityOfPage\":{\"@id\":\"https:\\\/\\\/zunokscx.elementor.cloud\\\/migration-task-force\\\/new-blue-ribbon-task-force-regional-response-key-to-addressing-migration-in-north-and-central-america\\\/\"},\"wordCount\":1005,\"publisher\":{\"@id\":\"https:\\\/\\\/zunokscx.elementor.cloud\\\/#organization\"},\"image\":{\"@id\":\"https:\\\/\\\/zunokscx.elementor.cloud\\\/migration-task-force\\\/new-blue-ribbon-task-force-regional-response-key-to-addressing-migration-in-north-and-central-america\\\/#primaryimage\"},\"thumbnailUrl\":\"https:\\\/\\\/wrmcouncil.org\\\/wp-content\\\/uploads\\\/2021\\\/06\\\/Migrants-Walking-along-Railroad-Track-Mexico-iStock-1139894725-scaled-e1622773918169.jpg\",\"keywords\":[\"Central America\",\"Climate Displacement\",\"Forced Displacement\",\"IDPs\",\"Migration\",\"News Release\",\"Task Force\"],\"articleSection\":[\"English\",\"Migration Task Force\",\"News\"],\"inLanguage\":\"es\"},{\"@type\":\"WebPage\",\"@id\":\"https:\\\/\\\/zunokscx.elementor.cloud\\\/migration-task-force\\\/new-blue-ribbon-task-force-regional-response-key-to-addressing-migration-in-north-and-central-america\\\/\",\"url\":\"https:\\\/\\\/zunokscx.elementor.cloud\\\/migration-task-force\\\/new-blue-ribbon-task-force-regional-response-key-to-addressing-migration-in-north-and-central-america\\\/\",\"name\":\"New Task Force: Regional Response Key to Addressing Migration in North and Central America - World Refugee and Migration Council\",\"isPartOf\":{\"@id\":\"https:\\\/\\\/zunokscx.elementor.cloud\\\/#website\"},\"primaryImageOfPage\":{\"@id\":\"https:\\\/\\\/zunokscx.elementor.cloud\\\/migration-task-force\\\/new-blue-ribbon-task-force-regional-response-key-to-addressing-migration-in-north-and-central-america\\\/#primaryimage\"},\"image\":{\"@id\":\"https:\\\/\\\/zunokscx.elementor.cloud\\\/migration-task-force\\\/new-blue-ribbon-task-force-regional-response-key-to-addressing-migration-in-north-and-central-america\\\/#primaryimage\"},\"thumbnailUrl\":\"https:\\\/\\\/wrmcouncil.org\\\/wp-content\\\/uploads\\\/2021\\\/06\\\/Migrants-Walking-along-Railroad-Track-Mexico-iStock-1139894725-scaled-e1622773918169.jpg\",\"datePublished\":\"2021-06-04T04:49:17+00:00\",\"dateModified\":\"2022-04-19T20:00:52+00:00\",\"breadcrumb\":{\"@id\":\"https:\\\/\\\/zunokscx.elementor.cloud\\\/migration-task-force\\\/new-blue-ribbon-task-force-regional-response-key-to-addressing-migration-in-north-and-central-america\\\/#breadcrumb\"},\"inLanguage\":\"es\",\"potentialAction\":[{\"@type\":\"ReadAction\",\"target\":[\"https:\\\/\\\/zunokscx.elementor.cloud\\\/migration-task-force\\\/new-blue-ribbon-task-force-regional-response-key-to-addressing-migration-in-north-and-central-america\\\/\"]}]},{\"@type\":\"ImageObject\",\"inLanguage\":\"es\",\"@id\":\"https:\\\/\\\/zunokscx.elementor.cloud\\\/migration-task-force\\\/new-blue-ribbon-task-force-regional-response-key-to-addressing-migration-in-north-and-central-america\\\/#primaryimage\",\"url\":\"https:\\\/\\\/wrmcouncil.org\\\/wp-content\\\/uploads\\\/2021\\\/06\\\/Migrants-Walking-along-Railroad-Track-Mexico-iStock-1139894725-scaled-e1622773918169.jpg\",\"contentUrl\":\"https:\\\/\\\/wrmcouncil.org\\\/wp-content\\\/uploads\\\/2021\\\/06\\\/Migrants-Walking-along-Railroad-Track-Mexico-iStock-1139894725-scaled-e1622773918169.jpg\",\"width\":2560,\"height\":928,\"caption\":\"Coahuila, Mexico, Jun 16 - A group of migrants of Central American origin waits on the railway line to get on a container train, known as 'The Beast', to go to the border of the United States and Mexico, between the states of Coahuila (Mexico) and Texas (USA).\"},{\"@type\":\"BreadcrumbList\",\"@id\":\"https:\\\/\\\/zunokscx.elementor.cloud\\\/migration-task-force\\\/new-blue-ribbon-task-force-regional-response-key-to-addressing-migration-in-north-and-central-america\\\/#breadcrumb\",\"itemListElement\":[{\"@type\":\"ListItem\",\"position\":1,\"name\":\"Home\",\"item\":\"https:\\\/\\\/wrmcouncil.org\\\/\"},{\"@type\":\"ListItem\",\"position\":2,\"name\":\"New Task Force: Regional Response Key to Addressing Migration in North and Central America\"}]},{\"@type\":\"WebSite\",\"@id\":\"https:\\\/\\\/zunokscx.elementor.cloud\\\/#website\",\"url\":\"https:\\\/\\\/zunokscx.elementor.cloud\\\/\",\"name\":\"World Refugee and Migration Council\",\"description\":\"Actions to Transform the Global Refugee and Migration Systems\",\"publisher\":{\"@id\":\"https:\\\/\\\/zunokscx.elementor.cloud\\\/#organization\"},\"potentialAction\":[{\"@type\":\"SearchAction\",\"target\":{\"@type\":\"EntryPoint\",\"urlTemplate\":\"https:\\\/\\\/zunokscx.elementor.cloud\\\/?s={search_term_string}\"},\"query-input\":{\"@type\":\"PropertyValueSpecification\",\"valueRequired\":true,\"valueName\":\"search_term_string\"}}],\"inLanguage\":\"es\"},{\"@type\":\"Organization\",\"@id\":\"https:\\\/\\\/zunokscx.elementor.cloud\\\/#organization\",\"name\":\"World Refugee & Migration Council\",\"url\":\"https:\\\/\\\/zunokscx.elementor.cloud\\\/\",\"logo\":{\"@type\":\"ImageObject\",\"inLanguage\":\"es\",\"@id\":\"https:\\\/\\\/zunokscx.elementor.cloud\\\/#\\\/schema\\\/logo\\\/image\\\/\",\"url\":\"https:\\\/\\\/wrmcouncil.org\\\/wp-content\\\/uploads\\\/2020\\\/07\\\/WRMC-logo_en-round-avatar.jpg\",\"contentUrl\":\"https:\\\/\\\/wrmcouncil.org\\\/wp-content\\\/uploads\\\/2020\\\/07\\\/WRMC-logo_en-round-avatar.jpg\",\"width\":313,\"height\":313,\"caption\":\"World Refugee & Migration Council\"},\"image\":{\"@id\":\"https:\\\/\\\/zunokscx.elementor.cloud\\\/#\\\/schema\\\/logo\\\/image\\\/\"},\"sameAs\":[\"https:\\\/\\\/facebook.com\\\/wrmcouncil\",\"https:\\\/\\\/x.com\\\/wrmcouncil\"]},{\"@type\":\"Person\",\"@id\":\"https:\\\/\\\/zunokscx.elementor.cloud\\\/#\\\/schema\\\/person\\\/c3ae89e5157f77ac5bac66122c87c700\",\"name\":\"WRMC\",\"image\":{\"@type\":\"ImageObject\",\"inLanguage\":\"es\",\"@id\":\"https:\\\/\\\/secure.gravatar.com\\\/avatar\\\/67ffb94cd362cb854585a2a2d46e1e6be6360dc12635e5f0cdb1d94ce406d2a4?s=96&d=blank&r=g9d0c57ea608ede34bcfec6e9c38d4b88\",\"url\":\"https:\\\/\\\/secure.gravatar.com\\\/avatar\\\/67ffb94cd362cb854585a2a2d46e1e6be6360dc12635e5f0cdb1d94ce406d2a4?s=96&d=blank&r=g\",\"contentUrl\":\"https:\\\/\\\/secure.gravatar.com\\\/avatar\\\/67ffb94cd362cb854585a2a2d46e1e6be6360dc12635e5f0cdb1d94ce406d2a4?s=96&d=blank&r=g\",\"caption\":\"WRMC\"},\"url\":\"https:\\\/\\\/wrmcouncil.org\\\/es\\\/author\\\/wrmc\\\/\"}]}<\/script>\n<!-- \/ Yoast SEO plugin. -->","yoast_head_json":{"title":"New Task Force: Regional Response Key to Addressing Migration in North and Central America - World Refugee and Migration Council","robots":{"index":"index","follow":"follow","max-snippet":"max-snippet:-1","max-image-preview":"max-image-preview:large","max-video-preview":"max-video-preview:-1"},"canonical":"https:\/\/zunokscx.elementor.cloud\/migration-task-force\/new-blue-ribbon-task-force-regional-response-key-to-addressing-migration-in-north-and-central-america\/","og_locale":"es_MX","og_type":"article","og_title":"New Task Force: Regional Response Key to Addressing Migration in North and Central America - World Refugee and Migration Council","og_description":"A new high-level task force launched today brings together civil society, business leaders, academic researchers and former policymakers to push for collective, regional responses to the longer-term economic security and governance issues that impel migrants and asylum seekers to leave their homes.","og_url":"https:\/\/zunokscx.elementor.cloud\/migration-task-force\/new-blue-ribbon-task-force-regional-response-key-to-addressing-migration-in-north-and-central-america\/","og_site_name":"World Refugee and Migration Council","article_publisher":"https:\/\/facebook.com\/wrmcouncil","article_published_time":"2021-06-04T04:49:17+00:00","article_modified_time":"2022-04-19T20:00:52+00:00","og_image":[{"width":2560,"height":928,"url":"https:\/\/zunokscx.elementor.cloud\/wp-content\/uploads\/2021\/06\/Migrants-Walking-along-Railroad-Track-Mexico-iStock-1139894725-scaled-e1622773918169.jpg","type":"image\/jpeg"}],"author":"WRMC","twitter_card":"summary_large_image","twitter_creator":"@wrmcouncil","twitter_site":"@wrmcouncil","twitter_misc":{"Escrito por":"WRMC","Tiempo de lectura":"5 minutos"},"schema":{"@context":"https:\/\/schema.org","@graph":[{"@type":"Article","@id":"https:\/\/zunokscx.elementor.cloud\/migration-task-force\/new-blue-ribbon-task-force-regional-response-key-to-addressing-migration-in-north-and-central-america\/#article","isPartOf":{"@id":"https:\/\/zunokscx.elementor.cloud\/migration-task-force\/new-blue-ribbon-task-force-regional-response-key-to-addressing-migration-in-north-and-central-america\/"},"author":{"name":"WRMC","@id":"https:\/\/zunokscx.elementor.cloud\/#\/schema\/person\/c3ae89e5157f77ac5bac66122c87c700"},"headline":"New Task Force: Regional Response Key to Addressing Migration in North and Central America","datePublished":"2021-06-04T04:49:17+00:00","dateModified":"2022-04-19T20:00:52+00:00","mainEntityOfPage":{"@id":"https:\/\/zunokscx.elementor.cloud\/migration-task-force\/new-blue-ribbon-task-force-regional-response-key-to-addressing-migration-in-north-and-central-america\/"},"wordCount":1005,"publisher":{"@id":"https:\/\/zunokscx.elementor.cloud\/#organization"},"image":{"@id":"https:\/\/zunokscx.elementor.cloud\/migration-task-force\/new-blue-ribbon-task-force-regional-response-key-to-addressing-migration-in-north-and-central-america\/#primaryimage"},"thumbnailUrl":"https:\/\/wrmcouncil.org\/wp-content\/uploads\/2021\/06\/Migrants-Walking-along-Railroad-Track-Mexico-iStock-1139894725-scaled-e1622773918169.jpg","keywords":["Central America","Climate Displacement","Forced Displacement","IDPs","Migration","News Release","Task Force"],"articleSection":["English","Migration Task Force","News"],"inLanguage":"es"},{"@type":"WebPage","@id":"https:\/\/zunokscx.elementor.cloud\/migration-task-force\/new-blue-ribbon-task-force-regional-response-key-to-addressing-migration-in-north-and-central-america\/","url":"https:\/\/zunokscx.elementor.cloud\/migration-task-force\/new-blue-ribbon-task-force-regional-response-key-to-addressing-migration-in-north-and-central-america\/","name":"New Task Force: Regional Response Key to Addressing Migration in North and Central America - World Refugee and Migration Council","isPartOf":{"@id":"https:\/\/zunokscx.elementor.cloud\/#website"},"primaryImageOfPage":{"@id":"https:\/\/zunokscx.elementor.cloud\/migration-task-force\/new-blue-ribbon-task-force-regional-response-key-to-addressing-migration-in-north-and-central-america\/#primaryimage"},"image":{"@id":"https:\/\/zunokscx.elementor.cloud\/migration-task-force\/new-blue-ribbon-task-force-regional-response-key-to-addressing-migration-in-north-and-central-america\/#primaryimage"},"thumbnailUrl":"https:\/\/wrmcouncil.org\/wp-content\/uploads\/2021\/06\/Migrants-Walking-along-Railroad-Track-Mexico-iStock-1139894725-scaled-e1622773918169.jpg","datePublished":"2021-06-04T04:49:17+00:00","dateModified":"2022-04-19T20:00:52+00:00","breadcrumb":{"@id":"https:\/\/zunokscx.elementor.cloud\/migration-task-force\/new-blue-ribbon-task-force-regional-response-key-to-addressing-migration-in-north-and-central-america\/#breadcrumb"},"inLanguage":"es","potentialAction":[{"@type":"ReadAction","target":["https:\/\/zunokscx.elementor.cloud\/migration-task-force\/new-blue-ribbon-task-force-regional-response-key-to-addressing-migration-in-north-and-central-america\/"]}]},{"@type":"ImageObject","inLanguage":"es","@id":"https:\/\/zunokscx.elementor.cloud\/migration-task-force\/new-blue-ribbon-task-force-regional-response-key-to-addressing-migration-in-north-and-central-america\/#primaryimage","url":"https:\/\/wrmcouncil.org\/wp-content\/uploads\/2021\/06\/Migrants-Walking-along-Railroad-Track-Mexico-iStock-1139894725-scaled-e1622773918169.jpg","contentUrl":"https:\/\/wrmcouncil.org\/wp-content\/uploads\/2021\/06\/Migrants-Walking-along-Railroad-Track-Mexico-iStock-1139894725-scaled-e1622773918169.jpg","width":2560,"height":928,"caption":"Coahuila, Mexico, Jun 16 - A group of migrants of Central American origin waits on the railway line to get on a container train, known as 'The Beast', to go to the border of the United States and Mexico, between the states of Coahuila (Mexico) and Texas (USA)."},{"@type":"BreadcrumbList","@id":"https:\/\/zunokscx.elementor.cloud\/migration-task-force\/new-blue-ribbon-task-force-regional-response-key-to-addressing-migration-in-north-and-central-america\/#breadcrumb","itemListElement":[{"@type":"ListItem","position":1,"name":"Home","item":"https:\/\/wrmcouncil.org\/"},{"@type":"ListItem","position":2,"name":"New Task Force: Regional Response Key to Addressing Migration in North and Central America"}]},{"@type":"WebSite","@id":"https:\/\/zunokscx.elementor.cloud\/#website","url":"https:\/\/zunokscx.elementor.cloud\/","name":"World Refugee and Migration Council","description":"Actions to Transform the Global Refugee and Migration Systems","publisher":{"@id":"https:\/\/zunokscx.elementor.cloud\/#organization"},"potentialAction":[{"@type":"SearchAction","target":{"@type":"EntryPoint","urlTemplate":"https:\/\/zunokscx.elementor.cloud\/?s={search_term_string}"},"query-input":{"@type":"PropertyValueSpecification","valueRequired":true,"valueName":"search_term_string"}}],"inLanguage":"es"},{"@type":"Organization","@id":"https:\/\/zunokscx.elementor.cloud\/#organization","name":"Consejo Mundial para los Refugiados y la Migraci\u00f3n","url":"https:\/\/zunokscx.elementor.cloud\/","logo":{"@type":"ImageObject","inLanguage":"es","@id":"https:\/\/zunokscx.elementor.cloud\/#\/schema\/logo\/image\/","url":"https:\/\/wrmcouncil.org\/wp-content\/uploads\/2020\/07\/WRMC-logo_en-round-avatar.jpg","contentUrl":"https:\/\/wrmcouncil.org\/wp-content\/uploads\/2020\/07\/WRMC-logo_en-round-avatar.jpg","width":313,"height":313,"caption":"World Refugee & Migration Council"},"image":{"@id":"https:\/\/zunokscx.elementor.cloud\/#\/schema\/logo\/image\/"},"sameAs":["https:\/\/facebook.com\/wrmcouncil","https:\/\/x.com\/wrmcouncil"]},{"@type":"Person","@id":"https:\/\/zunokscx.elementor.cloud\/#\/schema\/person\/c3ae89e5157f77ac5bac66122c87c700","name":"WRMC","image":{"@type":"ImageObject","inLanguage":"es","@id":"https:\/\/secure.gravatar.com\/avatar\/67ffb94cd362cb854585a2a2d46e1e6be6360dc12635e5f0cdb1d94ce406d2a4?s=96&d=blank&r=g9d0c57ea608ede34bcfec6e9c38d4b88","url":"https:\/\/secure.gravatar.com\/avatar\/67ffb94cd362cb854585a2a2d46e1e6be6360dc12635e5f0cdb1d94ce406d2a4?s=96&d=blank&r=g","contentUrl":"https:\/\/secure.gravatar.com\/avatar\/67ffb94cd362cb854585a2a2d46e1e6be6360dc12635e5f0cdb1d94ce406d2a4?s=96&d=blank&r=g","caption":"WRMC"},"url":"https:\/\/wrmcouncil.org\/es\/author\/wrmc\/"}]}},"featured_image_src":"https:\/\/wrmcouncil.org\/wp-content\/uploads\/2021\/06\/Migrants-Walking-along-Railroad-Track-Mexico-iStock-1139894725-scaled-e1622773918169-600x400.jpg","featured_image_src_square":"https:\/\/wrmcouncil.org\/wp-content\/uploads\/2021\/06\/Migrants-Walking-along-Railroad-Track-Mexico-iStock-1139894725-scaled-e1622773918169-600x600.jpg","author_info":{"display_name":"WRMC","author_link":"https:\/\/wrmcouncil.org\/es\/author\/wrmc\/"},"authors":[{"term_id":92,"user_id":3,"is_guest":0,"slug":"wrmc","display_name":"WRMC","avatar_url":"https:\/\/secure.gravatar.com\/avatar\/67ffb94cd362cb854585a2a2d46e1e6be6360dc12635e5f0cdb1d94ce406d2a4?s=96&d=blank&r=g","0":null,"1":"","2":"","3":"","4":"","5":"","6":"","7":"","8":""}],"_links":{"self":[{"href":"https:\/\/wrmcouncil.org\/es\/wp-json\/wp\/v2\/posts\/6046","targetHints":{"allow":["GET"]}}],"collection":[{"href":"https:\/\/wrmcouncil.org\/es\/wp-json\/wp\/v2\/posts"}],"about":[{"href":"https:\/\/wrmcouncil.org\/es\/wp-json\/wp\/v2\/types\/post"}],"author":[{"embeddable":true,"href":"https:\/\/wrmcouncil.org\/es\/wp-json\/wp\/v2\/users\/3"}],"replies":[{"embeddable":true,"href":"https:\/\/wrmcouncil.org\/es\/wp-json\/wp\/v2\/comments?post=6046"}],"version-history":[{"count":0,"href":"https:\/\/wrmcouncil.org\/es\/wp-json\/wp\/v2\/posts\/6046\/revisions"}],"wp:featuredmedia":[{"embeddable":true,"href":"https:\/\/wrmcouncil.org\/es\/wp-json\/wp\/v2\/media\/5877"}],"wp:attachment":[{"href":"https:\/\/wrmcouncil.org\/es\/wp-json\/wp\/v2\/media?parent=6046"}],"wp:term":[{"taxonomy":"category","embeddable":true,"href":"https:\/\/wrmcouncil.org\/es\/wp-json\/wp\/v2\/categories?post=6046"},{"taxonomy":"post_tag","embeddable":true,"href":"https:\/\/wrmcouncil.org\/es\/wp-json\/wp\/v2\/tags?post=6046"},{"taxonomy":"author","embeddable":true,"href":"https:\/\/wrmcouncil.org\/es\/wp-json\/wp\/v2\/ppma_author?post=6046"}],"curies":[{"name":"wp","href":"https:\/\/api.w.org\/{rel}","templated":true}]}}